{"id":825,"date":"2016-02-26T13:30:20","date_gmt":"2016-02-26T12:30:20","guid":{"rendered":"http:\/\/petershus.se\/?p=825"},"modified":"2016-02-26T13:30:20","modified_gmt":"2016-02-26T12:30:20","slug":"ett-lopp-kvar","status":"publish","type":"post","link":"https:\/\/petershus.se\/?p=825","title":{"rendered":"Ett lopp kvar&#8230;"},"content":{"rendered":"<p>Som jag n\u00e4mnt i en tidigare text uttryckte en k\u00e4r v\u00e4n att; \u201djag har ett maratonlopp kvar att springa\u201d. Jag kan garantera att den v\u00e4nnen inte menade en fysisk l\u00f6ptur p\u00e5 42\u00a0195 meter. Min k\u00e4re v\u00e4n har nog inte sprungit tv\u00e5 steg i f\u00f6ljd p\u00e5 m\u00e5nga \u00e5r, och har ingen ambition att g\u00f6ra s\u00e5 heller. Men min v\u00e4n har fantastiskt m\u00e5nga andra kvalit\u00e9er som g\u00f6r v\u00e4rlden till en b\u00e4ttre plats. Hur som helst har detta uttryck inspirerat mig v\u00e4ldigt mycket.<\/p>\n<p>Jag inser att \u00e4ven jag har det ultimata maratonloppet kvar att springa!<\/p>\n<p>Uttalandet av min v\u00e4n, och bakgrunden till det, v\u00e4ckte ocks\u00e5 insikten hos mig att jag inte \u00e4r klar. Att jag har viktiga saker kvar att utr\u00e4tta, att bidra till en b\u00e4ttre v\u00e4rld. Visserligen t\u00e4nker jag springa\u00a042\u00a0195 meter flera g\u00e5nger, men\u00a0mitt ultimata maratonlopp \u00e4r n\u00e5got annat.<\/p>\n<p>Det \u00e4r tufft att springa ett maraton. Det kr\u00e4ver, motivation, uth\u00e5llighet och disciplin. Det \u00e4r ocks\u00e5 tufft att m\u00f6ta livets utmaningar n\u00e4r man str\u00e4var mot att f\u00f6rverkliga vardagens dr\u00f6mmar och m\u00e5l. Det kr\u00e4ver, motivation, uth\u00e5llighet och disciplin. B\u00e4gge dessa utmaningar, 42\u00a0195 meter samt livets resa mot f\u00f6rverkligande, ser jag fram mot med en pirrande k\u00e4nsla inombords. Den d\u00e4r k\u00e4nslan n\u00e4r man v\u00e4ntar p\u00e5 n\u00e5got riktigt h\u00e4ftigt.<\/p>\n<p>\u00c4r du klar med ditt livs maraton eller v\u00e4ntar det \u00e4nnu p\u00e5 dig? Eller v\u00e4ntar du p\u00e5 att motivationen, uth\u00e5lligheten och disciplinen ska hitta dig?<\/p>\n","protected":false},"excerpt":{"rendered":"<p>Som jag n\u00e4mnt i en tidigare text uttryckte en k\u00e4r v\u00e4n att; \u201djag har ett maratonlopp kvar att springa\u201d. Jag kan garantera att den v\u00e4nnen inte menade en fysisk l\u00f6ptur p\u00e5 42\u00a0195 meter. Min k\u00e4re v\u00e4n har nog inte sprungit &hellip; <a href=\"https:\/\/petershus.se\/?p=825\">Forts\u00e4tt l\u00e4sa <span class=\"meta-nav\">&rarr;<\/span><\/a><\/p>\n","protected":false},"author":1,"featured_media":0,"comment_status":"open","ping_status":"open","sticky":false,"template":"","format":"standard","meta":{"footnotes":""},"categories":[1],"tags":[],"class_list":["post-825","post","type-post","status-publish","format-standard","hentry","category-noveller"],"_links":{"self":[{"href":"https:\/\/petershus.se\/index.php?rest_route=\/wp\/v2\/posts\/825","targetHints":{"allow":["GET"]}}],"collection":[{"href":"https:\/\/petershus.se\/index.php?rest_route=\/wp\/v2\/posts"}],"about":[{"href":"https:\/\/petershus.se\/index.php?rest_route=\/wp\/v2\/types\/post"}],"author":[{"embeddable":true,"href":"https:\/\/petershus.se\/index.php?rest_route=\/wp\/v2\/users\/1"}],"replies":[{"embeddable":true,"href":"https:\/\/petershus.se\/index.php?rest_route=%2Fwp%2Fv2%2Fcomments&post=825"}],"version-history":[{"count":1,"href":"https:\/\/petershus.se\/index.php?rest_route=\/wp\/v2\/posts\/825\/revisions"}],"predecessor-version":[{"id":826,"href":"https:\/\/petershus.se\/index.php?rest_route=\/wp\/v2\/posts\/825\/revisions\/826"}],"wp:attachment":[{"href":"https:\/\/petershus.se\/index.php?rest_route=%2Fwp%2Fv2%2Fmedia&parent=825"}],"wp:term":[{"taxonomy":"category","embeddable":true,"href":"https:\/\/petershus.se\/index.php?rest_route=%2Fwp%2Fv2%2Fcategories&post=825"},{"taxonomy":"post_tag","embeddable":true,"href":"https:\/\/petershus.se\/index.php?rest_route=%2Fwp%2Fv2%2Ftags&post=825"}],"curies":[{"name":"wp","href":"https:\/\/api.w.org\/{rel}","templated":true}]}}