{"id":821,"date":"2016-02-24T15:51:11","date_gmt":"2016-02-24T14:51:11","guid":{"rendered":"http:\/\/petershus.se\/?p=821"},"modified":"2016-02-24T15:59:16","modified_gmt":"2016-02-24T14:59:16","slug":"radslans-begransningar-och-mojligheter","status":"publish","type":"post","link":"https:\/\/petershus.se\/?p=821","title":{"rendered":"R\u00e4dslans begr\u00e4nsningar och m\u00f6jligheter"},"content":{"rendered":"<p>Jag fascineras allt mer av r\u00e4dsla. Det \u00e4r inte r\u00e4dslans konsekvenser i form av att vara r\u00e4dd som fascinerar mig, den \u00e4r jag g\u00e4rna utan. Nej, det \u00e4r hur mycket i livet som styrs av r\u00e4dsla som fascinerar. Ibland har r\u00e4dslan faktiska grunder och orsaker, som att vi st\u00e4lls inf\u00f6r en verklig fara. Den r\u00e4dslan \u00e4r ju b\u00e5de relevant och oftast sund. Signaler till n\u00f6dv\u00e4ndig flykt eller fight.<\/p>\n<p>Det \u00e4r den andra r\u00e4dslan som fascinerar mig och som blir mer och mer tydlig kring mina egna reaktioner och ageranden, och n\u00e5got som jag ofta \u00e4ven ser hos andra m\u00e4nniskor i mina m\u00f6ten med dem. Det \u00e4r r\u00e4dslan som bygger p\u00e5 v\u00e5ra inre tankar om hur vi uppfattas av andra, om konsekvenserna av att vi bryter invanda m\u00f6nster, om riskerna att misslyckas och vad det inneb\u00e4r samt kanske mest destruktivt; r\u00e4dslan f\u00f6r riskerna att lyckas, att beh\u00f6va svara upp mot alla f\u00f6rv\u00e4ntningar: N\u00e4r ska alla komma p\u00e5 vilken bluff jag \u00e4r?<\/p>\n<p>F\u00f6r min del inser jag mer och mer hur mycket r\u00e4dslan har inverkat p\u00e5 mitt liv. Hur mycket den har begr\u00e4nsat mig, hur mycket den har saboterat under resans g\u00e5ng. Eller mer \u00e4rligt uttryckt: Hur mycket jag har l\u00e5tit r\u00e4dslan begr\u00e4nsa och sabotera.<\/p>\n<p>Det fascinerande \u00e4r att jag tydligare och tydligare inser hur overkliga och irrelevanta dessa r\u00e4dslor \u00e4r. De har bara den kraft som vi ger dem. Ibland kan jag ocks\u00e5 tr\u00f6ttna p\u00e5 alla positiva metaforer kring m\u00e4nniskans f\u00f6ruts\u00e4ttningar till f\u00f6r\u00e4ndring i sitt liv: Sl\u00e4pp taget, det \u00e4r bara att hoppa. Ja, det \u00e4r kanske bara att sl\u00e4ppa taget och hoppa. Men samtidigt; Nej, s\u00e5 enkelt \u00e4r det inte. I alla fall inte i min v\u00e4rld. Det g\u00e4ller att ha en tillit till att jag kommer att landa s\u00e4kert, trots att jag inte vet var och hur. Den tilliten skapar man genom att komma till insikt om att r\u00e4dslorna bygger p\u00e5 tidigare pr\u00e4glingar och s\u00e5r, kanske \u00e4r det ett s\u00e5rat barn som lever kvar inom oss, men att dessa pr\u00e4glingar och s\u00e5r idag bara har den kraft och effekt som man ger dem h\u00e4r och nu. Har man den tilliten, d\u00e5 \u00e4r det bara att sl\u00e4ppa taget och hoppa och man kommer alltid att landa tryggt precis d\u00e4r man ska. Kanske inte alltid exakt d\u00e4r man t\u00e4nkt, men alltid d\u00e4r man ska.<\/p>\n<p>En god v\u00e4n sa; \u201d Lyssna och lita p\u00e5 intuitionen, och t\u00e4nk d\u00e4refter med hj\u00e4rnan ibland\u201d. S\u00e5 klokt. Jag ska b\u00f6rja med det.<\/p>\n<p>En annan god v\u00e4n sa som metafor\u00a0f\u00f6r att \u00e4ndra\u00a0livets resa\u00a0som l\u00e4nge f\u00f6retagits med r\u00e4dsla och begr\u00e4nsning som ress\u00e4llskap; \u201dJag har ett maratonlopp kvar att springa i livet och jag vill uppleva k\u00e4nslan av att lyckas\u201d. Precis. Jag \u00e4r inte heller klar, jag har ocks\u00e5 utmaningar kvar, m\u00e5l att uppn\u00e5, barri\u00e4rer att riva och r\u00e4dslor att \u00f6vervinna.<\/p>\n<p>Nu satsar jag p\u00e5 mitt livs maraton; att leva livet med relevant r\u00e4dsla som guide och med trygghet i att jag styr mitt liv, inte tidigare pr\u00e4glingar och s\u00e5r. Jag v\u00e5gar satsa p\u00e5 det loppet och inser att andras uppfattning om att lyckas eller misslyckas inte har n\u00e5got med mig att g\u00f6ra.<\/p>\n","protected":false},"excerpt":{"rendered":"<p>Jag fascineras allt mer av r\u00e4dsla. Det \u00e4r inte r\u00e4dslans konsekvenser i form av att vara r\u00e4dd som fascinerar mig, den \u00e4r jag g\u00e4rna utan. Nej, det \u00e4r hur mycket i livet som styrs av r\u00e4dsla som fascinerar. Ibland har &hellip; <a href=\"https:\/\/petershus.se\/?p=821\">Forts\u00e4tt l\u00e4sa <span class=\"meta-nav\">&rarr;<\/span><\/a><\/p>\n","protected":false},"author":1,"featured_media":0,"comment_status":"open","ping_status":"open","sticky":false,"template":"","format":"standard","meta":{"footnotes":""},"categories":[1],"tags":[],"class_list":["post-821","post","type-post","status-publish","format-standard","hentry","category-noveller"],"_links":{"self":[{"href":"https:\/\/petershus.se\/index.php?rest_route=\/wp\/v2\/posts\/821","targetHints":{"allow":["GET"]}}],"collection":[{"href":"https:\/\/petershus.se\/index.php?rest_route=\/wp\/v2\/posts"}],"about":[{"href":"https:\/\/petershus.se\/index.php?rest_route=\/wp\/v2\/types\/post"}],"author":[{"embeddable":true,"href":"https:\/\/petershus.se\/index.php?rest_route=\/wp\/v2\/users\/1"}],"replies":[{"embeddable":true,"href":"https:\/\/petershus.se\/index.php?rest_route=%2Fwp%2Fv2%2Fcomments&post=821"}],"version-history":[{"count":3,"href":"https:\/\/petershus.se\/index.php?rest_route=\/wp\/v2\/posts\/821\/revisions"}],"predecessor-version":[{"id":824,"href":"https:\/\/petershus.se\/index.php?rest_route=\/wp\/v2\/posts\/821\/revisions\/824"}],"wp:attachment":[{"href":"https:\/\/petershus.se\/index.php?rest_route=%2Fwp%2Fv2%2Fmedia&parent=821"}],"wp:term":[{"taxonomy":"category","embeddable":true,"href":"https:\/\/petershus.se\/index.php?rest_route=%2Fwp%2Fv2%2Fcategories&post=821"},{"taxonomy":"post_tag","embeddable":true,"href":"https:\/\/petershus.se\/index.php?rest_route=%2Fwp%2Fv2%2Ftags&post=821"}],"curies":[{"name":"wp","href":"https:\/\/api.w.org\/{rel}","templated":true}]}}