{"id":811,"date":"2016-02-15T14:35:49","date_gmt":"2016-02-15T13:35:49","guid":{"rendered":"http:\/\/petershus.se\/?p=811"},"modified":"2016-02-15T14:46:06","modified_gmt":"2016-02-15T13:46:06","slug":"eureka-det-vore-ju-bra","status":"publish","type":"post","link":"https:\/\/petershus.se\/?p=811","title":{"rendered":"Eureka-det vore ju bra!"},"content":{"rendered":"<p>Helt f\u00f6rberedd p\u00e5 att bli ansedd som ironisk, generaliserande och till och med avundsjuk, och kanske \u00e4r det s\u00e5 det \u00e4r, k\u00e4nner jag att Magnus Uggla tr\u00e4ffar s\u00e5 r\u00e4tt ibland:<\/p>\n<p><a href=\"https:\/\/www.youtube.com\/watch?v=MG1wmG37KQo\">Illa, jag m\u00e5r illa<\/a><\/p>\n<p>S\u00e5g p\u00e5 TV i helgen. En glittrande gala med ett v\u00e4rdefullt budskap d\u00e4r det som tr\u00e4ffade mig s\u00e5 tydligt var publiken. Jag vaknade sen i natt med en klar bild och k\u00e4nsla och med ett ord ljudligt klingande i mina \u00f6ron:<\/p>\n<p><em><strong>Eureka<\/strong><\/em>.<\/p>\n<p>I likhet med k\u00e4re gamle Archimedes n\u00e4r han uppt\u00e4ckte sin princip tror jag att jag har funnit det. Principen f\u00f6r framtidens h\u00e5llbara samh\u00e4lle: Vi blir alla k\u00e4ndisar!<\/p>\n<p>Var och en med ett eget varum\u00e4rke att arbeta f\u00f6r, att f\u00f6rs\u00f6rja sig p\u00e5. Artist, f\u00f6rfattare, idrottsstj\u00e4rna, konstn\u00e4r, politiker, bloggare, bankdirekt\u00f6r eller annan offentlig och uppm\u00e4rksammad person. G\u00e4rna f\u00f6re detta minister, det fungerar v\u00e4ldigt bra.<\/p>\n<p>Om vi alla vore k\u00e4ndisar d\u00e5 skulle vi ju vara med och se till att alla sk\u00e4nker pengar p\u00e5 galor mot sjukdom och fattigdom i v\u00e4rlden. Det vore ju bra. Vi skulle \u00e4lska, st\u00f6tta och krama om alla minoriteter p\u00e5 TV-galorna s\u00e5 att alla f\u00f6rst\u00e5r att vi tycker det \u00e4r bra med olika. Det vore ju bra. D\u00e5 skulle inga m\u00e4nniskor med olika religion, etnicitet, sexuell l\u00e4ggning vara ifr\u00e5gasatta. Alla skulle hyllas och vara lika mycket v\u00e4rda. Det vore ju bra. All forskning f\u00f6r att l\u00f6sa sjukdomsproblem skulle prioriteras och st\u00f6ttas ekonomiskt. Arbetet f\u00f6r utsatta barn i v\u00e4rlden skulle f\u00e5 allt n\u00f6dv\u00e4ndigt st\u00f6d och v\u00e5r milj\u00f6 och natur skulle frodas genom all support i olika projekt runt om i hela v\u00e4rlden. Det vore ju bra.<\/p>\n<p>F\u00f6r t\u00e4nk bara om vi alla levde ett liv som k\u00e4ndisar d\u00e4r sj\u00e4lviskhet inte finns, d\u00e4r empati \u00e4r det drivande och vi alla fokuserar p\u00e5 att hj\u00e4lpa allt och alla som beh\u00f6ver hj\u00e4lp. Vilket fantastiskt liv det skulle vara, fantastiskt samh\u00e4lle. Det vore ju v\u00e4ldigt bra.<\/p>\n<p>F\u00f6r nog \u00e4r det v\u00e4l altruism och omtanke om v\u00e5r jord och andra m\u00e4nniskor som g\u00f6r att alla TV-galor alltid har samma n\u00e4rvarande g\u00e4ster i publiken. Att v\u00e4lg\u00f6renhetsprojektens ambassad\u00f6rer alltid best\u00e5r av samma grupp i v\u00e5rt samh\u00e4lle: V\u00e5ra k\u00e4ndisar! F\u00f6r inte kan det v\u00e4l vara s\u00e5 att det handlar om att st\u00e4rka sitt varum\u00e4rke?<\/p>\n<p>Nej, jag t\u00e4nkte v\u00e4l det.<\/p>\n<p>S\u00e5, d\u00e5 ser vi alla till att bli k\u00e4ndis, att bli lite offentlig, s\u00e5 att vi tillsammans kan l\u00f6sa alla v\u00e5ra utmaningar.<\/p>\n<p>Men, v\u00e4nta lite\u2026 Om vi alla blir k\u00e4ndisar i publiken p\u00e5 galorna med ett eget varum\u00e4rke som grund f\u00f6r v\u00e5r f\u00f6rs\u00f6rjning, vem ska d\u00e5 sitta framf\u00f6r TV:n d\u00e4r hemma och ringa och SMS:a f\u00f6r att sk\u00e4nka pengarna p\u00e5 galorna? Vem ska sitta och se p\u00e5 n\u00e4r alla priser delas ut till andra k\u00e4ndisar p\u00e5 filmgalor, musikgalor, idrottsgalor, minoritetsgalor? Och framf\u00f6r allt, vem ska ta hand om alla oss k\u00e4ndisar n\u00e4r vi \u00e4r sjuka, vem reparerar bilen n\u00e4r den \u00e4r trasig, vem utbildar v\u00e5ra barn n\u00e4r de g\u00e5r i skolan och vem ska sitta i kassan p\u00e5 konsum?<\/p>\n<p>T\u00e4nkte inte p\u00e5 det\u2026 S\u00e5 det \u00e4r nog lika bra att somna om ett tag och vakna upp till verkligheten d\u00e4r\u00a0k\u00e4ndisarna ser till att alla andra g\u00f6r gott. Fast det \u00e4r ju bara mina tankar s\u00e5 jag ber om urs\u00e4kt till alla som anser sig or\u00e4ttf\u00e4rdigt utpekad.<\/p>\n","protected":false},"excerpt":{"rendered":"<p>Helt f\u00f6rberedd p\u00e5 att bli ansedd som ironisk, generaliserande och till och med avundsjuk, och kanske \u00e4r det s\u00e5 det \u00e4r, k\u00e4nner jag att Magnus Uggla tr\u00e4ffar s\u00e5 r\u00e4tt ibland: Illa, jag m\u00e5r illa S\u00e5g p\u00e5 TV i helgen. En &hellip; <a href=\"https:\/\/petershus.se\/?p=811\">Forts\u00e4tt l\u00e4sa <span class=\"meta-nav\">&rarr;<\/span><\/a><\/p>\n","protected":false},"author":1,"featured_media":0,"comment_status":"open","ping_status":"open","sticky":false,"template":"","format":"standard","meta":{"footnotes":""},"categories":[1],"tags":[],"class_list":["post-811","post","type-post","status-publish","format-standard","hentry","category-noveller"],"_links":{"self":[{"href":"https:\/\/petershus.se\/index.php?rest_route=\/wp\/v2\/posts\/811","targetHints":{"allow":["GET"]}}],"collection":[{"href":"https:\/\/petershus.se\/index.php?rest_route=\/wp\/v2\/posts"}],"about":[{"href":"https:\/\/petershus.se\/index.php?rest_route=\/wp\/v2\/types\/post"}],"author":[{"embeddable":true,"href":"https:\/\/petershus.se\/index.php?rest_route=\/wp\/v2\/users\/1"}],"replies":[{"embeddable":true,"href":"https:\/\/petershus.se\/index.php?rest_route=%2Fwp%2Fv2%2Fcomments&post=811"}],"version-history":[{"count":4,"href":"https:\/\/petershus.se\/index.php?rest_route=\/wp\/v2\/posts\/811\/revisions"}],"predecessor-version":[{"id":815,"href":"https:\/\/petershus.se\/index.php?rest_route=\/wp\/v2\/posts\/811\/revisions\/815"}],"wp:attachment":[{"href":"https:\/\/petershus.se\/index.php?rest_route=%2Fwp%2Fv2%2Fmedia&parent=811"}],"wp:term":[{"taxonomy":"category","embeddable":true,"href":"https:\/\/petershus.se\/index.php?rest_route=%2Fwp%2Fv2%2Fcategories&post=811"},{"taxonomy":"post_tag","embeddable":true,"href":"https:\/\/petershus.se\/index.php?rest_route=%2Fwp%2Fv2%2Ftags&post=811"}],"curies":[{"name":"wp","href":"https:\/\/api.w.org\/{rel}","templated":true}]}}