{"id":703,"date":"2015-08-16T22:04:04","date_gmt":"2015-08-16T20:04:04","guid":{"rendered":"http:\/\/petershus.se\/?p=703"},"modified":"2015-08-16T22:38:56","modified_gmt":"2015-08-16T20:38:56","slug":"703","status":"publish","type":"post","link":"https:\/\/petershus.se\/?p=703","title":{"rendered":"Ja, livet \u00e4r fint."},"content":{"rendered":"<p>K\u00e4nner mig tacksam idag. Snart sextio \u00e5r och med f\u00f6rm\u00e5nen att leva det liv jag vill. Visserligen \u00e4r det lite stiltje ibland, vakuumet k\u00e4nns alltf\u00f6r p\u00e5tagligt och behovet att \u201dprestera\u201d trycker p\u00e5 i ryggen som en h\u00f6ststorm. Kraven fr\u00e5n kompisen p\u00e5 axeln, vars namn brukar b\u00f6rja p\u00e5 J&#8230;., vi har ju kamperat ihop ganska l\u00e4nge nu, blir lite v\u00e4l intensiva ibland.<\/p>\n<p>Men, det \u00e4r bara ibland. Och jag presterar faktiskt hela tiden.<\/p>\n<p>Idag: 15 kilometer l\u00f6pning i bra fart. Bygga p\u00e5 egen bastu enligt \u201dkan sj\u00e4lv principen\u201d. Cykla med Peter som han tycker s\u00e5 mycket om. Bara s\u00e5, p\u00e5 en vanlig s\u00f6ndag.<\/p>\n<p><a href=\"http:\/\/media1.petershus.se\/2015\/08\/image-e1439756587812.jpg\"><img loading=\"lazy\" decoding=\"async\" class=\"aligncenter  wp-image-708\" src=\"http:\/\/media1.petershus.se\/2015\/08\/image-e1439756587812.jpg\" alt=\"image\" width=\"371\" height=\"495\" srcset=\"http:\/\/media1.petershus.se\/2015\/08\/image-e1439756587812.jpg 960w, http:\/\/media1.petershus.se\/2015\/08\/image-e1439756587812-225x300.jpg 225w, http:\/\/media1.petershus.se\/2015\/08\/image-e1439756587812-768x1024.jpg 768w, http:\/\/media1.petershus.se\/2015\/08\/image-e1439756587812-624x832.jpg 624w\" sizes=\"auto, (max-width: 371px) 100vw, 371px\" \/><\/a><\/p>\n<p>Kommande vecka har jag obegr\u00e4nsade m\u00f6jligheter att prestera. Det har \u00e4ven du.<\/p>\n<p>I morgon och n\u00e5gra kommande dagar: Tr\u00e4ff med inspirerande m\u00e4nniskor som jag har f\u00f6rm\u00e5nen att hj\u00e4lpa med att r\u00f6ja nya v\u00e4gar i livet och skapa h\u00e5llbara sunda plattformar. Vill ocks\u00e5 du veta hur du kan r\u00f6ja dina v\u00e4gar och skapa din h\u00e5llbara sunda plattform? Fr\u00e5ga mig hur man g\u00f6r.<\/p>\n<p>Onsdag: Tr\u00e4ff med min alldeles egna, fantastiskt oslagbara, mentor och coach som pressar mig att se sunt p\u00e5 vad det inneb\u00e4r att prestera. Som f\u00e5r mig att inse att jag duger oavsett mina prestationer. Vill ocks\u00e5 du ha en alldeles egen fantastisk oslagbar mentor och coach som pressar dig att se sunt p\u00e5 vad det inneb\u00e4r att prestera. Som f\u00e5r dig att inse att du duger oavsett dina prestationer? Fr\u00e5ga mig hur man g\u00f6r.<\/p>\n<p>Torsdag: Efterl\u00e4ngtat m\u00f6te med k\u00e4ra v\u00e4nner f\u00f6r planering av den egna framtiden. En planering som kommer att betyda s\u00e5 v\u00e4ldigt mycket f\u00f6r m\u00e5nga m\u00e4nniskor. Vill du veta vad som kommer att betyda s\u00e5 mycket f\u00f6r s\u00e5 m\u00e5nga m\u00e4nniskor? Fr\u00e5ga mig.<\/p>\n<p>Ja, livet \u00e4r fint, om jag v\u00e4ljer det, och jag kan faktiskt v\u00e4lja sj\u00e4lv. Jag kan ta de beslut jag beh\u00f6ver som leder till att jag tar kommandot \u00f6ver mitt liv. Gamla paradigmer, intr\u00e4nade trossystem med p\u00e5f\u00f6ljande attityder, r\u00e4dslor och begr\u00e4nsningar. Alla dessa kan jag v\u00e4lja bort. Kanske inte trolla bort genom en fingerkn\u00e4ppning, men genom att v\u00e4lja nya konstruktiva trossystem som leder till nya attityder och d\u00e4rmed f\u00f6rs\u00e4tter mig i nya tillst\u00e5nd. Beslutet om det kan jag g\u00f6ra genom en fingerkn\u00e4ppning och samtidigt s\u00e4ga: \u201dNu r\u00e4cker det\u201d. Sedan arbetar jag mig successivt fram mot det nya.<\/p>\n<p>Det, \u00e4r mitt val.<\/p>\n<p>Det, \u00e4r min r\u00e4ttighet.<\/p>\n<p>D\u00e5, skapar jag frihet.<\/p>\n<p>D\u00e5, blir jag en tillg\u00e5ng i v\u00e4rlden\u2026<\/p>\n<p>Ja, livet \u00e4r fint.<\/p>\n","protected":false},"excerpt":{"rendered":"<p>K\u00e4nner mig tacksam idag. Snart sextio \u00e5r och med f\u00f6rm\u00e5nen att leva det liv jag vill. Visserligen \u00e4r det lite stiltje ibland, vakuumet k\u00e4nns alltf\u00f6r p\u00e5tagligt och behovet att \u201dprestera\u201d trycker p\u00e5 i ryggen som en h\u00f6ststorm. Kraven fr\u00e5n kompisen &hellip; <a href=\"https:\/\/petershus.se\/?p=703\">Forts\u00e4tt l\u00e4sa <span class=\"meta-nav\">&rarr;<\/span><\/a><\/p>\n","protected":false},"author":1,"featured_media":0,"comment_status":"open","ping_status":"open","sticky":false,"template":"","format":"standard","meta":{"footnotes":""},"categories":[1],"tags":[],"class_list":["post-703","post","type-post","status-publish","format-standard","hentry","category-noveller"],"_links":{"self":[{"href":"https:\/\/petershus.se\/index.php?rest_route=\/wp\/v2\/posts\/703","targetHints":{"allow":["GET"]}}],"collection":[{"href":"https:\/\/petershus.se\/index.php?rest_route=\/wp\/v2\/posts"}],"about":[{"href":"https:\/\/petershus.se\/index.php?rest_route=\/wp\/v2\/types\/post"}],"author":[{"embeddable":true,"href":"https:\/\/petershus.se\/index.php?rest_route=\/wp\/v2\/users\/1"}],"replies":[{"embeddable":true,"href":"https:\/\/petershus.se\/index.php?rest_route=%2Fwp%2Fv2%2Fcomments&post=703"}],"version-history":[{"count":5,"href":"https:\/\/petershus.se\/index.php?rest_route=\/wp\/v2\/posts\/703\/revisions"}],"predecessor-version":[{"id":711,"href":"https:\/\/petershus.se\/index.php?rest_route=\/wp\/v2\/posts\/703\/revisions\/711"}],"wp:attachment":[{"href":"https:\/\/petershus.se\/index.php?rest_route=%2Fwp%2Fv2%2Fmedia&parent=703"}],"wp:term":[{"taxonomy":"category","embeddable":true,"href":"https:\/\/petershus.se\/index.php?rest_route=%2Fwp%2Fv2%2Fcategories&post=703"},{"taxonomy":"post_tag","embeddable":true,"href":"https:\/\/petershus.se\/index.php?rest_route=%2Fwp%2Fv2%2Ftags&post=703"}],"curies":[{"name":"wp","href":"https:\/\/api.w.org\/{rel}","templated":true}]}}