{"id":472,"date":"2014-05-21T15:29:30","date_gmt":"2014-05-21T13:29:30","guid":{"rendered":"http:\/\/petershus.se\/?p=472"},"modified":"2014-05-21T21:44:53","modified_gmt":"2014-05-21T19:44:53","slug":"liv-pa-lika-villkor-eller","status":"publish","type":"post","link":"https:\/\/petershus.se\/?p=472","title":{"rendered":"Liv p\u00e5 lika villkor eller&#8230;"},"content":{"rendered":"<p>Fighten f\u00f6r tillvaron i v\u00e5rt samh\u00e4lle f\u00f6r de som inte riktigt f\u00f6ljer de normer som kallas f\u00f6r normala forts\u00e4tter, och det \u00e4r sv\u00e5rt att se n\u00e5got slut p\u00e5 den. H\u00e4r f\u00f6ljer ytterligare ett exempel p\u00e5 hur livet som anh\u00f6rig till funktionsnedsatt \u00e4r en konstant p\u00e5g\u00e5ende kamp i strid med samh\u00e4llets olika funktioner och med den egna sorgen och frustrationen som\u00a0\u00e5terkommande reses\u00e4llskap.<\/p>\n<p>Peter \u00e4r funktionsnedsatt. Han har en kognitiv utvecklingsst\u00f6rning som inneb\u00e4r att han inte riktigt uppfattar v\u00e4rlden p\u00e5 samma s\u00e4tt som vi andra som klassas som icke utvecklingsst\u00f6rda. Peter \u00e4r 23 \u00e5r, han \u00e4r myndig i lagens mening. Han f\u00e5r r\u00f6sta i politiska val. Han blir uppvaktad av v\u00e5ra politiska partier som g\u00e4rna vill ha hans r\u00f6st. Han f\u00e5r handla p\u00e5 systembolaget bara han kan uppvisa sin legitimation som visar att han faktiskt \u00e4r 23 \u00e5r gammal. Den h\u00e4r r\u00e4ttigheten att handla p\u00e5 systemet utnyttjar han i och f\u00f6r sig inte eftersom han bara vill ha Fanta till sitt fredagsmys med Diggilloo och pizza.<\/p>\n<p>Skatteverket kr\u00e4ver att Peter sj\u00e4lv skriver under sin sj\u00e4lvdeklaration s\u00e5 att de ser att han betalar sin skatt precis som alla andra p\u00e5 sin \u201dv\u00e4l tilltagna\u201d, obs ironi, inkomst i form av aktivitetsers\u00e4ttning samt l\u00f6n p\u00e5 35 kronor om dagen, f\u00f6re skatt, f\u00f6r det arbete han g\u00f6r p\u00e5 sin arbetsplats p\u00e5 dagcenter. (tyv\u00e4rr kostar matl\u00e5dan 45 kronor per dag, efter skatt, s\u00e5 det g\u00e5r inte riktigt ihop f\u00f6r honom). Peter hyr en egen l\u00e4genhet d\u00e4r han bor med st\u00f6d av de fantastiska m\u00e4nniskor som ser till att hans intressen i vardagen tillgodoses. Peter hyr den l\u00e4genheten eftersom han inte har m\u00f6jlighet att k\u00f6pa den\u00a0d\u00e5 banken inte anser honom tillr\u00e4ckligt kreditv\u00e4rdig och nekar honom ett l\u00e5n.<\/p>\n<p>Peter \u00e4r allts\u00e5 23 \u00e5r. Han \u00e4r myndig, f\u00e5r r\u00f6sta, g\u00e5 p\u00e5 systemet, deklarera, betala skatt, sj\u00e4lv best\u00e4mma vad han vill \u00e4ta, n\u00e4r han ska \u00e4ta, vad han vill se p\u00e5 tv och allt annat som \u00e4r sj\u00e4lvklara r\u00e4ttigheter och skyldigheter f\u00f6r alla 23-\u00e5ringar som \u00e4r medborgare i detta land. N\u00e4r Peter \u00e4r kund hos n\u00e5got f\u00f6retag och k\u00f6per en tj\u00e4nst eller n\u00e5gon vara, tar de med gl\u00e4dje emot samma pengar fr\u00e5n honom som fr\u00e5n vilken annan kund som helst. Telekombolagen ser honom g\u00e4rna som kund. Borl\u00e4nge Energi har med gl\u00e4dje, f\u00f6rmodar jag, skrivit ett avtal med honom sj\u00e4lv om r\u00e4tten att handla el till sin l\u00e4genhet.<\/p>\n<p>Men det finns allts\u00e5 en \u201dsamh\u00e4llsb\u00e4rande\u201d instans d\u00e4r Peter inte accepteras: och det \u00e4r som kund i den lokala banken p\u00e5 samma villkor som alla andra myndiga m\u00e4nniskor i v\u00e5rt land. Peter anses inte kreditv\u00e4rdig och f\u00e5r d\u00e4rmed inte l\u00e5na pengar till att k\u00f6pa sin egen l\u00e4genhet, inte ens med en kreditv\u00e4rdig borgensman som st\u00f6d. Han f\u00e5r allts\u00e5 inte l\u00e5na pengar i banken och han f\u00e5r dessutom inte sj\u00e4lvst\u00e4ndigt \u00f6ppna konto i eget namn s\u00e5 att hans ekonomiska transaktioner ska kunna sk\u00f6tas via internet. D\u00e4remot tar banken g\u00e4rna emot honom och hans eventuella sparkapital om ett konto i hans namn ansvaras f\u00f6r av f\u00f6rvaltare eller god man. Banken g\u00f6r uppenbarligen en annan tolkning av de juridiska aspekterna kring en myndig medborgares m\u00f6jligheter att leva ett liv likv\u00e4rdigt alla andra \u00e4n vad exempelvis landets h\u00f6gsta beslutande organ, Riksdagen g\u00f6r.<\/p>\n<p>Peter \u00e4r inte omyndigf\u00f6rklarad, han har varken f\u00f6rvaltare eller god man eftersom han har m\u00e4nniskor omkring sig som tar hand om honom och ser till hans b\u00e4sta i alla l\u00e4gen. I juridisk mening svarar han d\u00e4rmed sj\u00e4lv f\u00f6r sina egna handlingar. Dock inte hos den lokala banken. Nu \u00e4r det h\u00e4r ingen ny\u00a0situation f\u00f6r oss omkring Peter, eller f\u00f6r alla andra i samma situation. D\u00e4remot g\u00f6r det lika ont varje g\u00e5ng som det\u00a0s\u00e5 uppenbart visas att vissa m\u00e4nniskor, exempelvis m\u00e4nniskor med kognitiva utvecklingsst\u00f6rningar,\u00a0i v\u00e5rt land \u00e5sidos\u00e4tts. Vi l\u00e4r oss dock som anh\u00f6riga att leva med det och hittar alltid nya l\u00f6sningar, men sm\u00e4rtan och sorgen v\u00e4cks varje g\u00e5ng.<\/p>\n<p>Bankens motivering \u00e4r att kunden sj\u00e4lv m\u00e5ste f\u00f6rst\u00e5 vad ett avtal inneb\u00e4r. Jag kan i sig f\u00f6rst\u00e5 det resonemanget men har sv\u00e5rt att se varf\u00f6r det \u00e4r viktigare att Peter f\u00f6rst\u00e5r vad det inneb\u00e4r att teckna ett avtal med banken, och allt det finstilta som medf\u00f6ljer och som \u00e4rligt talat varken du eller jag egentligen s\u00e4tter oss in i, \u00e4n att exempelvis f\u00f6rst\u00e5 vilkets partis valsedel han skulle l\u00e4gga i sitt valkuvert om han r\u00f6stade, f\u00f6rst\u00e5 vad det inneb\u00e4r att p\u00e5 heder och samvete underteckna sin sj\u00e4lvdeklaration eller f\u00f6rst\u00e5 det finstilta i ett avtal med det kommunala energibolaget.<\/p>\n<p>Peter beh\u00f6ver alltid ha sin \u201dtolk\u201d, den personliga assistenten med sig i alla sina kontakter med myndigheter och alla andra situationer han befinner sig i under vardagen. Hur m\u00e5nga andra grupper i v\u00e5rt samh\u00e4lle finns det inte som p\u00e5 olika s\u00e4tt beh\u00f6ver ha &#8221;tolk&#8221; med sig f\u00f6r att ta del av de avtal de ing\u00e5r? Var g\u00e5r gr\u00e4nsen f\u00f6r diskriminering? Vilka grupper, som \u00e4r fullv\u00e4rdiga och myndiga medborgare i v\u00e5rt land, kan undantas, p\u00e5 ett i m\u00e5nga stycken godtyckligt s\u00e4tt p\u00e5 grund av sina personliga f\u00f6ruts\u00e4ttningar, utan att det kan klassas som diskriminering?<\/p>\n<p>Nu ska jag som skrivit detta ta en stund och i grunden se \u00f6ver mina egna relationer med den lokala banken f\u00f6r att ta ett beslut om mina snart 50 \u00e5r som privat- och f\u00f6retagskund ska f\u00f6r\u00e4ndras. Som jag brukar s\u00e4ga till m\u00e4nniskor i behov av f\u00f6r\u00e4ndring i livet: <em>Allt levande v\u00e4xer. Allt som v\u00e4xer f\u00f6r\u00e4ndras och utvecklas. Allts\u00e5 \u00e4r att leva det samma som att f\u00f6r\u00e4ndras och utvecklas.<\/em><\/p>\n<p>Det \u00e4r dags att sj\u00e4lv inse att jag \u00e4r i h\u00f6gsta grad levande och att det kanske \u00e4r h\u00f6g tid att v\u00e4xa \u00e4ven n\u00e4r det g\u00e4ller bankrelationen i livet. Ett stort problem bara; jag ser ingen skillnad p\u00e5 de banker jag har att v\u00e4lja mellan.<\/p>\n<p>&nbsp;<\/p>\n","protected":false},"excerpt":{"rendered":"<p>Fighten f\u00f6r tillvaron i v\u00e5rt samh\u00e4lle f\u00f6r de som inte riktigt f\u00f6ljer de normer som kallas f\u00f6r normala forts\u00e4tter, och det \u00e4r sv\u00e5rt att se n\u00e5got slut p\u00e5 den. H\u00e4r f\u00f6ljer ytterligare ett exempel p\u00e5 hur livet som anh\u00f6rig till &hellip; <a href=\"https:\/\/petershus.se\/?p=472\">Forts\u00e4tt l\u00e4sa <span class=\"meta-nav\">&rarr;<\/span><\/a><\/p>\n","protected":false},"author":1,"featured_media":0,"comment_status":"open","ping_status":"open","sticky":false,"template":"","format":"standard","meta":{"footnotes":""},"categories":[1],"tags":[],"class_list":["post-472","post","type-post","status-publish","format-standard","hentry","category-noveller"],"_links":{"self":[{"href":"https:\/\/petershus.se\/index.php?rest_route=\/wp\/v2\/posts\/472","targetHints":{"allow":["GET"]}}],"collection":[{"href":"https:\/\/petershus.se\/index.php?rest_route=\/wp\/v2\/posts"}],"about":[{"href":"https:\/\/petershus.se\/index.php?rest_route=\/wp\/v2\/types\/post"}],"author":[{"embeddable":true,"href":"https:\/\/petershus.se\/index.php?rest_route=\/wp\/v2\/users\/1"}],"replies":[{"embeddable":true,"href":"https:\/\/petershus.se\/index.php?rest_route=%2Fwp%2Fv2%2Fcomments&post=472"}],"version-history":[{"count":3,"href":"https:\/\/petershus.se\/index.php?rest_route=\/wp\/v2\/posts\/472\/revisions"}],"predecessor-version":[{"id":475,"href":"https:\/\/petershus.se\/index.php?rest_route=\/wp\/v2\/posts\/472\/revisions\/475"}],"wp:attachment":[{"href":"https:\/\/petershus.se\/index.php?rest_route=%2Fwp%2Fv2%2Fmedia&parent=472"}],"wp:term":[{"taxonomy":"category","embeddable":true,"href":"https:\/\/petershus.se\/index.php?rest_route=%2Fwp%2Fv2%2Fcategories&post=472"},{"taxonomy":"post_tag","embeddable":true,"href":"https:\/\/petershus.se\/index.php?rest_route=%2Fwp%2Fv2%2Ftags&post=472"}],"curies":[{"name":"wp","href":"https:\/\/api.w.org\/{rel}","templated":true}]}}