{"id":215,"date":"2013-10-10T14:17:03","date_gmt":"2013-10-10T12:17:03","guid":{"rendered":"http:\/\/petershus.se\/?p=215"},"modified":"2013-10-10T14:17:03","modified_gmt":"2013-10-10T12:17:03","slug":"guldagg","status":"publish","type":"post","link":"https:\/\/petershus.se\/?p=215","title":{"rendered":"Guld\u00e4gg"},"content":{"rendered":"<p>Det finns en gammal skr\u00f6na som handlar om en h\u00f6na som v\u00e4rpte guld\u00e4gg. Den \u00e4r nog v\u00e4lbekant f\u00f6r m\u00e5nga men jag ska ber\u00e4tta den h\u00e4r som inledning p\u00e5 lite av mina tankar kring hur vi som m\u00e4nniskor agerar i verkliga livet idag.<\/p>\n<p><em>Det var en bonde, som pl\u00f6tsligt en dag n\u00e4r han var i h\u00f6nshuset och h\u00e4mtade dagens \u00e4gg, uppt\u00e4ckte att en av h\u00f6norna hade v\u00e4rpt ett \u00e4gg av renaste guld. Han f\u00f6rstod inte hur detta var m\u00f6jligt men han tog \u00e4gget och g\u00f6mde det noga i sitt hus. N\u00e4sta dag h\u00e4nde samma sak. I redet l\u00e5g ytterligare ett guld\u00e4gg. Detta upprepades de kommande dagarna och bonden s\u00e5g hur h\u00f6gen med guld\u00e4gg v\u00e4xte och v\u00e4xte i hans g\u00f6mst\u00e4lle. Nu f\u00f6rstod bonden att det var p\u00e5 riktigt och t\u00e4nkte att det vore bra om han kunde f\u00e5 alla guld\u00e4gg som fanns i h\u00f6nan p\u00e5 en g\u00e5ng. D\u00e5 skulle han snabbt bli en f\u00f6rm\u00f6gen och m\u00e4ktig man och kunna skaffa sig alla rikedomar han \u00f6nskade.<\/em><em>T\u00e4nkt och gjort. Bonden nackande h\u00f6nan och spr\u00e4ttade upp henne. Det var d\u00e5 han uppt\u00e4ckte att det inte fanns fler guld\u00e4gg i h\u00f6nan och bonden ins\u00e5g f\u00f6rsent att hans girighet hade ber\u00f6vat honom det v\u00e4rde som h\u00f6nan innebar.<\/em><\/p>\n<p>Det h\u00e4r kan tyckas som en p\u00e5hittad saga, vilket det i sig naturligtvis \u00e4r. Men ju mer jag ser hur vi m\u00e4nniskor, och d\u00e4rmed samh\u00e4llet i stort, missbrukar och tar d\u00f6d p\u00e5 de l\u00e5ngsiktiga v\u00e4rden vi blivit v\u00e4lsignade att f\u00f6rvalta blir symboliken i den h\u00e4r sagan mer och mer p\u00e5taglig. Den \u00e4r relevant i de flesta av livets omr\u00e5den och hur vi hanterar saker och ting, kanske mest tydligt kring naturen och milj\u00f6n. Men blir mycket tydlig \u00e4ven n\u00e4r man ser hur vi behandlar oss sj\u00e4lva och v\u00e5ra medm\u00e4nniskor.<\/p>\n<p>Ett specifikt omr\u00e5de som f\u00f6r mig, och andra i samma situation i livet, \u00e4r grund f\u00f6r mycket oro \u00e4r hur jag som anh\u00f6rig till sv\u00e5rt funktionshindrat barn ofta blir bem\u00f6tt och behandlad av myndigheter, politiker och media i min roll som personlig assistent. Tyv\u00e4rr ocks\u00e5 av fler och fler m\u00e4nniskor i allm\u00e4nhet som p\u00e5verkas av dessa institutioners agerande och framf\u00f6r allt av den debatt det skapar.<\/p>\n<p>I min roll som f\u00f6r\u00e4lder till sv\u00e5rt funktionshindrad son med ett behov av tillsyn och omsorg 24 timmar per dygn befinner jag mig i en situation som inneb\u00e4r att jag sj\u00e4lv och mina f\u00f6ruts\u00e4ttningar och behov i livet i slut\u00e4nden alltid kommer i andra hand n\u00e4r min sons tillst\u00e5nd kr\u00e4ver min n\u00e4rvaro. Hur mycket jag \u00e4n skulle \u201dvilja\u201d kan jag aldrig undandra mig det yttersta \u00e5tagandet f\u00f6r min sons trygghet och m\u00f6jligheter att leva ett meningsfullt liv n\u00e4r ingen annan finns n\u00e4rvarande. I det perspektivet \u00e4r det sj\u00e4lvklart att jag \u00e4ven ing\u00e5r i hans \u201dpersonalstyrka\u201d som personlig assistent. Vissa tider som schemalagd avl\u00f6nad assistent andra tider som akutvikarie n\u00e4r behov hastigt uppst\u00e5r och i \u00f6vrigt som oavl\u00f6nad assistent n\u00e4r beslutade timmar inte t\u00e4cker hela hans omsorgsbehov. Det som dock alltid ing\u00e5r i rollen som f\u00f6r\u00e4lder \u00e4r den slutliga l\u00f6sningen p\u00e5 jourbehovet dygnet runt 365 dagar per \u00e5r.<\/p>\n<p>Tyv\u00e4rr har nu fokus kommit att hamna p\u00e5 en debatt som pekar mot anh\u00f6riga, som har rollen som personlig assistent, som fr\u00e4msta orsak till fusk och bedr\u00e4gerier med skattemedel avsedda f\u00f6r st\u00f6d till funktionshindrade. Den debatten bottnar helt i ett, av politiker, outtalat syfte av ekonomiska neddragningar och besparingar utan h\u00e4nsyn till konsekvenserna f\u00f6r de som det p\u00e5verkar i slut\u00e4nden; de funktionshindrade.<\/p>\n<p>I det perspektivet ser jag liknelsen med bonden och h\u00f6nan. Bonden representerar samh\u00e4llets olika funktioner som har ansvaret f\u00f6r att de beh\u00f6vande f\u00e5r den omsorg (guld\u00e4gg) de beh\u00f6ver och h\u00f6nan representerar den anh\u00f6rige, den som f\u00f6rser bonden (samh\u00e4llet) med guld\u00e4ggen.<\/p>\n<p>Utan anh\u00f6rigas &#8221;ideella&#8221; arbete som personliga assistenter, med eller utan ekonomisk ers\u00e4ttning, skulle samh\u00e4llets ansvar och f\u00f6rm\u00e5ga att tillgodose de funktionsnedsattas behov av omsorg haverera omg\u00e5ende. \u00c4nd\u00e5 jagar myndigheter, politiker och media de anh\u00f6riga som presumtiva fuskare och \u00f6verutnyttjare och f\u00f6rslagen om att anh\u00f6riga inte ska f\u00e5 vara assistenter duggar t\u00e4tt i debatten.<\/p>\n<p>Det h\u00e4r \u00e4r bara ett specifikt omr\u00e5de, och som i praktiken ber\u00f6r endast en liten del av samh\u00e4llet, men som drabbar denna lilla del mycket h\u00e5rt. Att som anh\u00f6rig inte bli uppskattad f\u00f6r den insats (f\u00f6r de guld\u00e4gg) man tillf\u00f6r samh\u00e4llet utan i st\u00e4llet bli ifr\u00e5gasatt och misst\u00e4nkliggjord som fuskare g\u00f6r mycket ont. Det sker i en situation i livet som redan i sig \u00e4r fylld med oerh\u00f6rt mycket sm\u00e4rta och sorg. Jag hoppas att samh\u00e4llet ska f\u00f6rst\u00e5 v\u00e4rdet av sin h\u00f6na (de anh\u00f6riga) innan de som bonden uppt\u00e4cker det efter det att den \u00e4r slaktad.<\/p>\n<p>Fundera kring hur du agerar i ditt liv, oavsett var du befinner dig i livet eller vad du har omkring dig. Tar du tillvara p\u00e5 dina guld\u00e4gg p\u00e5 ett sunt s\u00e4tt? Hanterar du din v\u00e4rph\u00f6na med omsorg och respekt? Dessutom; fundera kring vad du ser omkring dig som visar p\u00e5 att samh\u00e4llet f\u00f6rbrukar sina v\u00e4rph\u00f6ns p\u00e5 ett kortsiktigt s\u00e4tt, och finns det n\u00e5got som du kan g\u00f6ra f\u00f6r att f\u00f6r\u00e4ndra det.<\/p>\n","protected":false},"excerpt":{"rendered":"<p>Det finns en gammal skr\u00f6na som handlar om en h\u00f6na som v\u00e4rpte guld\u00e4gg. Den \u00e4r nog v\u00e4lbekant f\u00f6r m\u00e5nga men jag ska ber\u00e4tta den h\u00e4r som inledning p\u00e5 lite av mina tankar kring hur vi som m\u00e4nniskor agerar i verkliga &hellip; <a href=\"https:\/\/petershus.se\/?p=215\">Forts\u00e4tt l\u00e4sa <span class=\"meta-nav\">&rarr;<\/span><\/a><\/p>\n","protected":false},"author":1,"featured_media":0,"comment_status":"open","ping_status":"open","sticky":false,"template":"","format":"standard","meta":{"footnotes":""},"categories":[1],"tags":[],"class_list":["post-215","post","type-post","status-publish","format-standard","hentry","category-noveller"],"_links":{"self":[{"href":"https:\/\/petershus.se\/index.php?rest_route=\/wp\/v2\/posts\/215","targetHints":{"allow":["GET"]}}],"collection":[{"href":"https:\/\/petershus.se\/index.php?rest_route=\/wp\/v2\/posts"}],"about":[{"href":"https:\/\/petershus.se\/index.php?rest_route=\/wp\/v2\/types\/post"}],"author":[{"embeddable":true,"href":"https:\/\/petershus.se\/index.php?rest_route=\/wp\/v2\/users\/1"}],"replies":[{"embeddable":true,"href":"https:\/\/petershus.se\/index.php?rest_route=%2Fwp%2Fv2%2Fcomments&post=215"}],"version-history":[{"count":1,"href":"https:\/\/petershus.se\/index.php?rest_route=\/wp\/v2\/posts\/215\/revisions"}],"predecessor-version":[{"id":216,"href":"https:\/\/petershus.se\/index.php?rest_route=\/wp\/v2\/posts\/215\/revisions\/216"}],"wp:attachment":[{"href":"https:\/\/petershus.se\/index.php?rest_route=%2Fwp%2Fv2%2Fmedia&parent=215"}],"wp:term":[{"taxonomy":"category","embeddable":true,"href":"https:\/\/petershus.se\/index.php?rest_route=%2Fwp%2Fv2%2Fcategories&post=215"},{"taxonomy":"post_tag","embeddable":true,"href":"https:\/\/petershus.se\/index.php?rest_route=%2Fwp%2Fv2%2Ftags&post=215"}],"curies":[{"name":"wp","href":"https:\/\/api.w.org\/{rel}","templated":true}]}}