{"id":211,"date":"2013-10-09T15:20:43","date_gmt":"2013-10-09T13:20:43","guid":{"rendered":"http:\/\/petershus.se\/?p=211"},"modified":"2013-10-09T15:20:43","modified_gmt":"2013-10-09T13:20:43","slug":"framtiden-valet-ar-ditt-och-mitt","status":"publish","type":"post","link":"https:\/\/petershus.se\/?p=211","title":{"rendered":"Framtiden; Valet \u00e4r ditt och mitt"},"content":{"rendered":"<p><strong>Lite tankar och funderingar kring mina egna st\u00e4llningstaganden, gamla och nya.<\/strong><\/p>\n<p>Det \u00e4r nu mindre \u00e4n ett \u00e5r kvar till n\u00e4sta politiska val h\u00e4r i Sverige. Fr\u00e5gorna \u00e4r m\u00e5nga och viktiga men tyv\u00e4rr; svaren \u00e4r f\u00e5. Att f\u00f6rv\u00e4nta sig att p\u00e5 f\u00f6rhand f\u00e5 besked om vad det i praktiken kommer att inneb\u00e4ra f\u00f6r den enskilde och f\u00f6r landet i stort om det ena eller andra partiet f\u00e5r makten, om den ena eller andra alliansen eller konstellationen vinner eller vem som blir statsminister \u00e4r naivt. Som enskilda individer och medborgare st\u00e5r vi inf\u00f6r stora och sv\u00e5ra beslut. Vi k\u00e4mpar med h\u00f6g arbetsl\u00f6shet, krympande resurser inom den sociala sektorn, klimatf\u00f6r\u00e4ndringar, kriminalitet och v\u00e5ld och i allt f\u00f6r stor omfattning lider m\u00e4nniskor i landet av fysisk, mental och social oh\u00e4lsa. F\u00f6r mig \u00e4r de stora fr\u00e5gorna, de som blivit mer och mer p\u00e5tagliga: Vilket samh\u00e4lle vill jag ha i framtiden? Vad \u00e4r jag som individ beredd att f\u00f6rsaka och vad vill jag prioritera?<\/p>\n<p>Jag har alltid st\u00e5tt p\u00e5 den enskilda m\u00e4nniskans sida, oavsett dennes politiska hemvist. Min \u00f6vertygelse \u00e4r att om individen \u00e4r stark och trygg i sig sj\u00e4lv s\u00e5 kommer hon att vara en tillg\u00e5ng f\u00f6r alla andra som beh\u00f6ver hennes st\u00f6d. Om samh\u00e4llet best\u00e5r av individer vars agerande bygger p\u00e5 respekt, \u00f6dmjukhet, integritet och empati f\u00f6r sig sj\u00e4lv, andra och samh\u00e4llet i stort skapas en l\u00e5ngsiktigt h\u00e5llbar plattform av samf\u00f6rst\u00e5nd och positiv h\u00e5llbar utveckling, oavsett politiska skiljelinjer.<\/p>\n<p>Det \u00e4r ingen hemlighet att jag har, i traditionell politisk mening, alltid h\u00e5llit mig p\u00e5 den borgerliga kanten. Den sidan har attraherat min filosofi starkast f\u00f6r jag tror att varje m\u00e4nniska i grunden \u00e4r sj\u00e4lvst\u00e4ndig och vill v\u00e4l, och att hon inser att respekt f\u00f6r andra m\u00e4nniskor handlar om att respektera just personen, \u00e4ven om dennes \u00e5sikter i sak skiljer sig fr\u00e5n den egna. Min grundfilosofi i alla m\u00f6ten och relationer med andra m\u00e4nniskor \u00e4r att; en annan m\u00e4nniskas sanning \u00e4r lika r\u00e4tt f\u00f6r henne som min sanning \u00e4r r\u00e4tt f\u00f6r mig.<\/p>\n<p>Den st\u00f6rsta utmaningen jag har inf\u00f6r det kommande valet \u00e4r att jag inte l\u00e4ngre kan se en trygghet och stabil plattform f\u00f6r att skapa ett h\u00e5llbart och v\u00e4lm\u00e5ende samh\u00e4lle inf\u00f6r allas v\u00e5r framtid i den politik som landet just nu leds i. Tyv\u00e4rr ser jag inte heller de befintliga alternativen som n\u00e5got som p\u00e5 ett b\u00e4ttre s\u00e4tt ska ta oss till framtiden.<\/p>\n<p>Som jag upplever det bygger alla politiska partier och konstellationer sina argument idag p\u00e5 filosofier och ideologier som handlar om att l\u00f6sa dagens, och morgondagens, problem med samma verktyg som skapade dem i g\u00e5r. Den ena sidans kapitalistiska ideologi som idag inte fungerar p\u00e5 ett sunt s\u00e4tt i ett samh\u00e4lle som har utvecklats allt mer mot att domineras av egoism och r\u00e4dsla, och den andra sidans motsvarande ideologi som, trots alla ord om motsatsen, i grunden fortfarande bygger p\u00e5 planekonomiska och kollektivistiska tankar som aldrig i praktiken skapat ett sunt samh\u00e4lle med fria, v\u00e4lm\u00e5ende och v\u00e4xande m\u00e4nniskor n\u00e5gonstans. Jag vet att m\u00e5nga tycker att det ena eller andra systemet \u00e4r det r\u00e4tta, att det fungerat, \u00e4r sunt och \u00e4ven ser det som framtidens alternativ och det respekterar jag. Men tanken p\u00e5 en fortsatt samh\u00e4llsutveckling baserat p\u00e5 dessa \u201df\u00f6rlegade\u201d ideologier skr\u00e4mmer i alla fall mig.<\/p>\n<p>I mitt sinne finns en dr\u00f6mvision om ett alternativ, och en framtida plattform, med en politisk agenda d\u00e4r helt nya parametrar utg\u00f6r grunden. Inget h\u00f6ger eller v\u00e4nster, inget r\u00f6tt eller bl\u00e5tt. En agenda och debatt som handlar om att s\u00e4tta fokus p\u00e5 de fr\u00e5gor som \u00e4r avg\u00f6rande f\u00f6r Sveriges, och hela v\u00e4rldens, framtid i st\u00e4llet f\u00f6r att misskreditera motst\u00e5ndarsidan och driva f\u00f6rlegade prestigefr\u00e5gor.<\/p>\n<p>Den agendan och debatten handlar egentligen bara om en enda grundl\u00e4ggande f\u00f6ruts\u00e4ttning: hur ska vi bruka, f\u00f6rdela och v\u00e5rda allt det som vi tillsammans ansvarar f\u00f6r p\u00e5 ett annat s\u00e4tt \u00e4n vad som skett historiskt och sker idag? Ekonomi. Naturtillg\u00e5ngar. Livsmedel. Milj\u00f6n. M\u00e4nniskor.<\/p>\n<p>Blir jag verkligen lyckligare och friskare, blir v\u00e4rlden b\u00e4ttre, av en skattes\u00e4nkning som ger mig mer i pl\u00e5nboken f\u00f6r att jag ska konsumera mer prylar, k\u00f6pa fler aktier och g\u00f6ra fler resor? Men \u00e5 andra sidan; blir jag verkligen lyckligare och friskare, blir v\u00e4rlden b\u00e4ttre, av en skatteh\u00f6jning som ger mig mindre i pl\u00e5nboken och som riskerar att f\u00f6rbrukas i byr\u00e5krati, administration, sl\u00f6seri och slarv?<\/p>\n<p>Svaret p\u00e5 b\u00e4gge dessa scenarier \u00e4r, f\u00f6r mig, naturligtvis nej. Problemet just nu \u00e4r det faktum att det \u00e4r dessa tv\u00e5 alternativ som jag upplever att vi riskerar att st\u00e4llas inf\u00f6r om vi inte v\u00e4ljer att se problem och l\u00f6sningar ur nya perspektiv. Att flytta fokus fr\u00e5n det vi l\u00e4rt oss genom livet som vara r\u00e4tt eller fel och d\u00e4rigenom skapa en ny verklighet baserat p\u00e5 v\u00e4rden som handlar om att i grunden ge oss sj\u00e4lva och kommande generationer f\u00f6ruts\u00e4ttningar att leva och inte bara, i b\u00e4sta fall, att \u00f6verleva.<\/p>\n<p>Jag tror p\u00e5 detta. Jag tror p\u00e5 en ljus framtid.<\/p>\n<p>Jag tror p\u00e5\u00a0v\u00e5r vilja och v\u00e5ra f\u00f6ruts\u00e4ttningar att skapa ett samh\u00e4lle d\u00e4r vi alla, oavsett politisk ideologi, k\u00e4nner trygghet i att veta att; <em>vi f\u00e5r hj\u00e4lp direkt om vi blir sjuka, v\u00e5ra f\u00f6r\u00e4ldrar har det bra n\u00e4r de inte klarar sig sj\u00e4lva l\u00e4ngre, funktionshindrade och m\u00e4nniskor med psykiska och sociala problem f\u00e5r den omsorg och st\u00f6d som \u00e4r livsavg\u00f6rande, polis och r\u00e4ddningstj\u00e4nst finns d\u00e4r n\u00e4r vi beh\u00f6ver dem akut, vi prioriterar milj\u00f6n framf\u00f6r tillv\u00e4xt. <\/em><\/p>\n<p>Det kommer att kr\u00e4vas mycket arbete, mod och uth\u00e5llighet och p\u00e5 v\u00e4gen kommer vi att m\u00f6ta mycket oro och r\u00e4dsla. All f\u00f6r\u00e4ndring skapar r\u00e4dsla och os\u00e4kerhet men det \u00e4r det pris vi f\u00e5r vara beredda att betala. P\u00e5 andra sidan, efter f\u00f6r\u00e4ndringens uppf\u00f6rsbacke av r\u00e4dsla och os\u00e4kerhet, st\u00e5r bel\u00f6ningen i form av ett framg\u00e5ngsrikt och h\u00e5llbart samh\u00e4lle och v\u00e4ntar.<\/p>\n<p>Alternativet att inte g\u00f6ra n\u00e5got, att inte se behovet av f\u00f6r\u00e4ndring i grunden kring hur vi hanterar v\u00e5r gemensamma planet, tro att det \u00e4r om\u00f6jligt eller ge vika f\u00f6r r\u00e4dslan och os\u00e4kerheten \u00e4r egentligen inget alternativ; annat \u00e4n om vi struntar i vilka konsekvenser som v\u00e5rt nuvarande agerande f\u00e5r.<\/p>\n<p>Vi m\u00e5ste stanna upp var och en och rannsaka oss sj\u00e4lva; vad \u00e4r det jag verkligen tycker \u00e4r viktigt? \u00c4r de val, politiska eller andra, jag tidigare gjort i livet fortfarande de jag tror p\u00e5 och vill st\u00e5 f\u00f6r, eller beh\u00f6ver jag \u00e4ndra uppfattning och prioritera om i mitt liv. Det kan inneb\u00e4ra mycket motst\u00e5nd fr\u00e5n v\u00e5rt ego, och v\u00e5r omgivning, att exempelvis omv\u00e4rdera det politiska st\u00e4llningstagande, men det \u00e4r viktigt nu att alla verkligen g\u00f6r medvetna val. Val som bygger p\u00e5 de egna v\u00e4rderingarna och inte p\u00e5 gamla traditioner, paradigmer och f\u00f6rlegade politiska ideologier.<\/p>\n","protected":false},"excerpt":{"rendered":"<p>Lite tankar och funderingar kring mina egna st\u00e4llningstaganden, gamla och nya. Det \u00e4r nu mindre \u00e4n ett \u00e5r kvar till n\u00e4sta politiska val h\u00e4r i Sverige. Fr\u00e5gorna \u00e4r m\u00e5nga och viktiga men tyv\u00e4rr; svaren \u00e4r f\u00e5. Att f\u00f6rv\u00e4nta sig att &hellip; <a href=\"https:\/\/petershus.se\/?p=211\">Forts\u00e4tt l\u00e4sa <span class=\"meta-nav\">&rarr;<\/span><\/a><\/p>\n","protected":false},"author":1,"featured_media":0,"comment_status":"open","ping_status":"open","sticky":false,"template":"","format":"standard","meta":{"footnotes":""},"categories":[1],"tags":[],"class_list":["post-211","post","type-post","status-publish","format-standard","hentry","category-noveller"],"_links":{"self":[{"href":"https:\/\/petershus.se\/index.php?rest_route=\/wp\/v2\/posts\/211","targetHints":{"allow":["GET"]}}],"collection":[{"href":"https:\/\/petershus.se\/index.php?rest_route=\/wp\/v2\/posts"}],"about":[{"href":"https:\/\/petershus.se\/index.php?rest_route=\/wp\/v2\/types\/post"}],"author":[{"embeddable":true,"href":"https:\/\/petershus.se\/index.php?rest_route=\/wp\/v2\/users\/1"}],"replies":[{"embeddable":true,"href":"https:\/\/petershus.se\/index.php?rest_route=%2Fwp%2Fv2%2Fcomments&post=211"}],"version-history":[{"count":2,"href":"https:\/\/petershus.se\/index.php?rest_route=\/wp\/v2\/posts\/211\/revisions"}],"predecessor-version":[{"id":213,"href":"https:\/\/petershus.se\/index.php?rest_route=\/wp\/v2\/posts\/211\/revisions\/213"}],"wp:attachment":[{"href":"https:\/\/petershus.se\/index.php?rest_route=%2Fwp%2Fv2%2Fmedia&parent=211"}],"wp:term":[{"taxonomy":"category","embeddable":true,"href":"https:\/\/petershus.se\/index.php?rest_route=%2Fwp%2Fv2%2Fcategories&post=211"},{"taxonomy":"post_tag","embeddable":true,"href":"https:\/\/petershus.se\/index.php?rest_route=%2Fwp%2Fv2%2Ftags&post=211"}],"curies":[{"name":"wp","href":"https:\/\/api.w.org\/{rel}","templated":true}]}}