{"id":1379,"date":"2025-09-11T21:16:13","date_gmt":"2025-09-11T19:16:13","guid":{"rendered":"https:\/\/petershus.se\/?p=1379"},"modified":"2025-09-12T11:52:24","modified_gmt":"2025-09-12T09:52:24","slug":"var-karlek-foljer-dig","status":"publish","type":"post","link":"https:\/\/petershus.se\/?p=1379","title":{"rendered":"V\u00e5r k\u00e4rlek f\u00f6ljer dig"},"content":{"rendered":"\n<p><a href=\"https:\/\/app.musicdonna.com\/OKKVz6zV\">V\u00e5r k\u00e4rlek f\u00f6ljer dig<\/a><\/p>\n\n\n\n<figure class=\"wp-block-image size-large is-resized\"><img decoding=\"async\" src=\"http:\/\/media1.petershus.se\/2025\/09\/sunset-675847_1920-300x200.jpg\" alt=\"\" style=\"width:408px;height:auto\"\/><\/figure>\n\n\n\n<p>Ibland blir den sj\u00e4lvklara delen av livets resa, den som vi oftast v\u00e4rjer oss f\u00f6r, s\u00e5 pl\u00e5gsamt sj\u00e4lvklar och uppenbar. Alla ska vi sluta v\u00e5ra dagar i den form som vi nu kallar livet. N\u00e4r det intr\u00e4ffar omkring oss skakas vi om, och det \u00e4r sv\u00e5rt att v\u00e4rja sig f\u00f6r det sj\u00e4lvklara ett tag. Sen rullar livet vidare och vi distanserar oss \u00e5ter fr\u00e5n det sj\u00e4lvklara.<\/p>\n\n\n\n<p>Men n\u00e5gonstans inom oss inser vi \u00e4nd\u00e5 att det sj\u00e4lvklara g\u00e4ller \u00e4ven just mig. N\u00e4r, var och hur? Det kan ingen veta, bara att det kommer att ske. F\u00f6r mig blev det s\u00e5 uppenbart nyligen n\u00e4r en mycket n\u00e4ra och k\u00e4r v\u00e4n, hastigt och alldeles f\u00f6r tidigt fick avsluta sin tid i den h\u00e4r livsformen. Jag kan bara tacksamt se tillbaka p\u00e5 allt vi delade: tankar, k\u00e4nslor, ord, t\u00e5rar och v\u00e4ldigt m\u00e5nga skratt. Jag \u00e4r ocks\u00e5 tacksam \u00f6ver att jag hade m\u00f6jligheten att sitta hos min v\u00e4n i ytterligare ett samtal, hoppades inte att det skulle vara det sista, bara n\u00e5gon dag innan timglaset blev tomt.<\/p>\n\n\n\n<p>Det samtalet gav mig s\u00e5 mycket. Min v\u00e4n och jag hade m\u00e5nga planer inf\u00f6r det fortsatta livet, tillsammans och var f\u00f6r sig. Nu \u00e4r det bara jag som har m\u00f6jlighet att genomf\u00f6ra mina planer. Det k\u00e4nns som att v\u00e5rt sista samtal bekr\u00e4ftade f\u00f6r mig att det \u00e4r dags att g\u00f6ra det nu, f\u00f6r i allas v\u00e5ra timglas, \u00e4ven mitt, rinner sanden st\u00e4ndigt ner och vi har ingen aning om hur mycket som \u00e5terst\u00e5r i det \u00f6vre glaset d\u00e4r livet befinner sig. F\u00f6rr eller senare rinner det sista lilla sandkornet genom den smala passagen och all sand har samlats i den tidl\u00f6sa delen av v\u00e5r resa.<\/p>\n\n\n\n<p>Vad \u00e4r d\u00e5 mina planer? Det handlar om ord, det handlar om musik, det handlar om att g\u00f6ra, inte planera att g\u00f6ra. Det handlar om att sl\u00e4ppa taget om tvivel, behov av bekr\u00e4ftelser och att lyssna p\u00e5 den egna viljan att g\u00f6ra, inte p\u00e5 r\u00f6sten som s\u00e4ger att andra kanske tycker si eller s\u00e5. Jag har massor med texter liggande i v\u00e4ntan p\u00e5 sen. Ett sen d\u00e4r r\u00e4dslan l\u00e4mnat men som uppenbarligen inte har kommit \u00e4n. Om man av n\u00e5gon anledning, troligtvis r\u00e4dsla, inte g\u00f6r n\u00e5got nu, utan t\u00e4nker att jag ska g\u00f6ra det sen, \u00e4r bara det att n\u00e4r sen kommer s\u00e5 \u00e4r det \u00e5terigen nu, fast sen. Eftersom jag sk\u00f6t upp det jag inte villa g\u00f6r nu, s\u00e5 kommer sen, n\u00e4r det kommer, \u00e5terigen att vara ett nu d\u00e4r r\u00e4dslan hindrar mig fr\u00e5n att g\u00f6ra det jag egentligen vill. Invecklat, jag vet. Men livet handlar allt f\u00f6r mycket om att vi avst\u00e5r fr\u00e5n att g\u00f6ra det vi vill och beh\u00f6ver i nuet, genom att vi f\u00f6rs\u00f6ker lura oss sj\u00e4lva att vi ska ta tag i det sen.<\/p>\n\n\n\n<p>Jag b\u00f6rjar nu med att nyttja nuet genom att dela en text jag skrivit, <a href=\"https:\/\/app.musicdonna.com\/OKKVz6zV\">V\u00e5r k\u00e4rlek f\u00f6ljer dig,<\/a> och som legat i min \u201dl\u00e5da\u201d allt f\u00f6r l\u00e4nge. I dag till\u00e4gnar jag den min v\u00e4n p\u00e5 resan \u00f6ver evighetens bro. Jag kan, \u00e4nnu inte, komponera musik eller spela sj\u00e4lv, s\u00e5 jag tar hj\u00e4lp av den artificiella intelligensen n\u00e4r det g\u00e4ller musik, det \u00e4r min m\u00f6jlighet att g\u00f6ra det nu och inte skjuta upp det med f\u00f6rsvaret att jag ska g\u00f6ra det sen, m\u00e5ste bara l\u00e4ra mig spela f\u00f6rst. Texten \u00e4r min, men jag g\u00f6r absolut inget anspr\u00e5k p\u00e5 musik eller s\u00e5ng i den h\u00e4r inspelningen. Lyssna om du vill, om inte \u00e4r det helt ok. Jag delar detta f\u00f6r att jag vill och f\u00f6r att ge min v\u00e4n en h\u00e4lsning p\u00e5 v\u00e4gen. &nbsp;&nbsp;<\/p>\n\n\n\n<p>Jag l\u00e4gger \u00e4ven upp detta p\u00e5 min anspr\u00e5ksl\u00f6sa hemsida petershus.se och kommer framgent att dela mer av mina tankar och \u201dFakeinspelad\u201d artificiell musik till mina texter d\u00e4r. &nbsp;&nbsp;&nbsp;<\/p>\n","protected":false},"excerpt":{"rendered":"<p>V\u00e5r k\u00e4rlek f\u00f6ljer dig Ibland blir den sj\u00e4lvklara delen av livets resa, den som vi oftast v\u00e4rjer oss f\u00f6r, s\u00e5 pl\u00e5gsamt sj\u00e4lvklar och uppenbar. Alla ska vi sluta v\u00e5ra dagar i den form som vi nu kallar livet. N\u00e4r det &hellip; <a href=\"https:\/\/petershus.se\/?p=1379\">Forts\u00e4tt l\u00e4sa <span class=\"meta-nav\">&rarr;<\/span><\/a><\/p>\n","protected":false},"author":1,"featured_media":0,"comment_status":"open","ping_status":"open","sticky":false,"template":"","format":"standard","meta":{"footnotes":""},"categories":[1],"tags":[],"class_list":["post-1379","post","type-post","status-publish","format-standard","hentry","category-noveller"],"_links":{"self":[{"href":"https:\/\/petershus.se\/index.php?rest_route=\/wp\/v2\/posts\/1379","targetHints":{"allow":["GET"]}}],"collection":[{"href":"https:\/\/petershus.se\/index.php?rest_route=\/wp\/v2\/posts"}],"about":[{"href":"https:\/\/petershus.se\/index.php?rest_route=\/wp\/v2\/types\/post"}],"author":[{"embeddable":true,"href":"https:\/\/petershus.se\/index.php?rest_route=\/wp\/v2\/users\/1"}],"replies":[{"embeddable":true,"href":"https:\/\/petershus.se\/index.php?rest_route=%2Fwp%2Fv2%2Fcomments&post=1379"}],"version-history":[{"count":13,"href":"https:\/\/petershus.se\/index.php?rest_route=\/wp\/v2\/posts\/1379\/revisions"}],"predecessor-version":[{"id":1398,"href":"https:\/\/petershus.se\/index.php?rest_route=\/wp\/v2\/posts\/1379\/revisions\/1398"}],"wp:attachment":[{"href":"https:\/\/petershus.se\/index.php?rest_route=%2Fwp%2Fv2%2Fmedia&parent=1379"}],"wp:term":[{"taxonomy":"category","embeddable":true,"href":"https:\/\/petershus.se\/index.php?rest_route=%2Fwp%2Fv2%2Fcategories&post=1379"},{"taxonomy":"post_tag","embeddable":true,"href":"https:\/\/petershus.se\/index.php?rest_route=%2Fwp%2Fv2%2Ftags&post=1379"}],"curies":[{"name":"wp","href":"https:\/\/api.w.org\/{rel}","templated":true}]}}