{"id":1026,"date":"2019-01-03T21:00:06","date_gmt":"2019-01-03T20:00:06","guid":{"rendered":"http:\/\/petershus.se\/?p=1026"},"modified":"2019-01-03T21:17:31","modified_gmt":"2019-01-03T20:17:31","slug":"an-sen-da-och-vad-mer-ar-mojligt-2019","status":"publish","type":"post","link":"https:\/\/petershus.se\/?p=1026","title":{"rendered":"&#8221;\u00c4n sen d\u00e5&#8221; och &#8221;Vad mer \u00e4r m\u00f6jligt&#8221;"},"content":{"rendered":"\n<p>Livet \u00e4r ett projekt, ett <a href=\"https:\/\/petershus.se\/?page_id=236\">LIVSPROJEKT\u00a0<\/a>och dr\u00f6mmar, visioner och m\u00e5ls\u00e4ttning har alltid varit centrala f\u00f6r min del. Inf\u00f6r 2018 satte jag upp en hel del utmanande m\u00e5lbilder, inte ny\u00e5rsl\u00f6ften utan konkret visualiserade m\u00e5l uppbackade med tydliga handlingsplaner. Det var m\u00e5lbilder inom ett flertal omr\u00e5den som rej\u00e4lt utmanade mina trygghetszoner. Kort handlade de bland annat om att fysiskt skapa en h\u00e4lsosam plattform och fr\u00e4mst d\u00e5 via en rej\u00e4l viktnedg\u00e5ng. En annan bild var att under \u00e5ret ge ut en bok som s\u00e4ljs genom etablerade kanaler som exempelvis bokhandel. Ytterligare tuffa, utmanande och till synes ouppn\u00e5eliga m\u00e5l var inom musikomr\u00e5det. Dels att producera texter, som det i samarbete med musiker skapas originalmusik till, samt att jag sj\u00e4lv skulle framf\u00f6ra det p\u00e5 scen inf\u00f6r publik. Ett annat m\u00e5l var konkret att betr\u00e4da en scen i n\u00e5got sammanhang inf\u00f6r mer \u00e4n trehundra m\u00e4nniskor. <\/p>\n\n\n\n<p>Nu har vi passerat \u201ddeadline\u201d f\u00f6r 2018 och befinner oss i alla m\u00f6jligheters \u00e5r 2019, och jag kan bara konstatera att mina \u201dorealistiska\u201d m\u00e5l f\u00f6r 2018 har med \u00f6vertygande tydlighet uppfyllts. Viktminskningen under \u00e5ret uppn\u00e5dde 17 kg, vilket med r\u00e5ge \u00f6versteg mina m\u00e5l. En konkret kostoml\u00e4ggning och regelbunden tr\u00e4ning var v\u00e4gen dit. Ett flertal av mina s\u00e5ngtexter har nu musiksatts av tre olika musiker och jag har sj\u00e4lv framf\u00f6rt en av dem p\u00e5 en \u201dlivescen\u201d i form av s\u00e5ng. Andra texter framf\u00f6rs just nu av levande revy\/show-akt\u00f6rer p\u00e5 scen inf\u00f6r fullsatta salonger. En uppskattad fotobok d\u00e4r jag skrivit texter ligger p\u00e5 diskarna i bokhandeln. Som kronan p\u00e5 verket och kvitto p\u00e5 \u00e5rets otroliga m\u00e5luppfyllnad stod jag, \u201dfem-i-tolv\u201d p\u00e5 sj\u00e4lva ny\u00e5rsafton 2018, p\u00e5 Maximteaterns scen inf\u00f6r en fullsatt salong. (\u00c4ven om min roll d\u00e4r var sekund\u00e4r s\u00e5 \u00e4r det viktigt att f\u00f6rst\u00e5 att de visualiserade m\u00e5ls\u00e4ttningarna gestaltas p\u00e5 m\u00e5nga skilda s\u00e4tt och p\u00e5 v\u00e4gar man inte r\u00e4knat med, och allt har ett f\u00f6rsta steg. Faktum \u00e4r dock att jag stod d\u00e4r p\u00e5 en scen inf\u00f6r ca 300 m\u00e4nniskor som en direkt konsekvens av att en del av mina andra m\u00e5lbilder inf\u00f6r \u00e5ret uppfyllts\u2026) &nbsp;&nbsp;&nbsp;&nbsp;<\/p>\n\n\n\n<p>Nu \u00e4r vi framme vid de f\u00f6rsta blanka bladen i 2019-\u00e5rs bok. Vet du vad det ska st\u00e5 i din bok? Jag har det fullkomligt klart f\u00f6r min del. 2018 bekr\u00e4ftade f\u00f6r mig med mycket stark tydlighet att saker och ting, h\u00e4r i det universum vi sv\u00e4var omkring i, fungerar p\u00e5 ett s\u00e4tt som \u00e4r i fas med min tro. Vet jag VAD jag vill, vet jag VARF\u00d6R det \u00e4r viktigt och om jag sedan i konkret handling genomf\u00f6r det som kr\u00e4vs s\u00e5 kommer jag ocks\u00e5 att n\u00e5 mina m\u00e5l. I den processen kommer \u00e4ven mina HUR jag ska g\u00e5 tillv\u00e4ga f\u00f6r att n\u00e5 mina m\u00e5l bli tydliga. Jag m\u00e5ste komma ih\u00e5g att det handlar om att tro och att agera, inte sitta med armarna i kors och tvivlande dr\u00f6mma om m\u00e5len. Nej, skapa tydliga handlingsplaner, f\u00f6lj dem med disciplin och utv\u00e4rdera st\u00e4ndigt att du \u00e4r p\u00e5 r\u00e4tt v\u00e4g och korrigera omg\u00e5ende dina planer om du uppt\u00e4cker att du avvikit fr\u00e5n den r\u00e4tta v\u00e4gen. G\u00f6r det med en stark tro s\u00e5 \u00e4r m\u00f6jligheterna mycket stora att det blir verklighet. <\/p>\n\n\n\n<p>Kom fram till VAD det \u00e4r du vill uppn\u00e5\/skapa\/f\u00f6r\u00e4ndra i ditt liv genom\natt lyssna in\u00e5t och lita p\u00e5 att det du dr\u00f6mmer om \u00e4r m\u00f6jligt, utan att fastna i\ntvivel f\u00f6r att du inte f\u00f6rst\u00e5r. Innan du sedan b\u00f6rjar fundera p\u00e5 HUR det ska\nkunna vara m\u00f6jligt, vilket ofta \u00e4r det f\u00f6rsta vi g\u00f6r och beslutar oss redan d\u00e4r\nf\u00f6r att det inte g\u00e5r, ta reda p\u00e5 VARF\u00d6R du vill uppn\u00e5\/skapa\/f\u00f6r\u00e4ndra det du\nvill. Det \u00e4r s\u00e5 viktigt att du \u00e4r s\u00e4ker p\u00e5 att det verkligen \u00e4r du som vill\ndetta. F\u00f6rst n\u00e4r du har planterat ditt VARF\u00d6R djupt inom dig \u00e4r det dags att\nb\u00f6rja ta tag i HUR du ska g\u00e5 till v\u00e4ga f\u00f6r att n\u00e5 ditt VAD, det du vill\nuppn\u00e5\/skapa\/f\u00f6r\u00e4ndra.<\/p>\n\n\n\n<p>Som sagt, det h\u00e4r \u00e4r min filosofi och tro p\u00e5 hur livet fungerar, du har s\u00e4kert din egen. F\u00f6r mig har dock livet s\u00e5 tydligt visat att det \u00e4r jag sj\u00e4lv som styr var jag hamnar. Motg\u00e5ngar, hinder och annat som avbryter min resa kommer st\u00e4ndigt \u00e4ven i min v\u00e4g. Ofta till synes o\u00f6verstigliga hinder orsakade av faktorer jag inte ser mig ansvarig f\u00f6r eller har m\u00f6jlighet att p\u00e5verka. Valet \u00e4r d\u00e5 att inta offerrollen, bli bitter och konstatera att det inte fungerade och l\u00e4gga mig ner och ge upp, eller ocks\u00e5 kan jag se \u00f6ver mina handlingsplaner och hitta alternativa, nya v\u00e4gar, f\u00f6r att n\u00e5 mitt m\u00e5l. Jag \u00e4r den f\u00f6rsta att erk\u00e4nna att det inte alltid \u00e4r enkelt, men alternativet att ge upp har jag \u00f6vergett. Det \u00e4r inte det som drabbar oss som hindrar utan hur vi f\u00f6rh\u00e5ller oss till det som avg\u00f6r. \u00c4r bara mitt innersta VARF\u00d6R tillr\u00e4ckligt starkt s\u00e5 kommer jag alltid att hitta styrkan f\u00f6r att ta mig vidare fram till dessa nya v\u00e4gar. <\/p>\n\n\n\n<p>Efter allt det som h\u00e4nt i mitt liv under 2018 s\u00e5 har nu f\u00f6ljande tv\u00e5 uttryck\nblivit som lite av ett mantra f\u00f6r mig: \u201d<em>\u00c4n\nsen d\u00e5<\/em>\u201d och \u201d<em>Vad mer \u00e4r m\u00f6jligt<\/em>\u201d.\n<\/p>\n\n\n\n<p><em>\u00c4n sen d\u00e5<\/em> ger mig trygghet i att inte l\u00e4gga energi p\u00e5 vad andra ska tycka om mig, mina id\u00e9er och mina prestationer. Det betyder inte att jag inte lyssnar p\u00e5, och respekterar, andras \u00e5sikter och r\u00e5d, men jag l\u00e5ter alltid mig sj\u00e4lv bed\u00f6ma om det har n\u00e5gon relevans i min resa mot mina m\u00e5l. Var medveten om att den kanske st\u00f6rsta \u201dfaran\u201d, f\u00f6rutom det egna tvivlet, \u00e4r andra m\u00e4nniskors f\u00f6rs\u00f6k att, oftast i v\u00e4lvilja, prata oss tillr\u00e4tta. \u201dDu\u201d som l\u00e4ser det h\u00e4r kanske k\u00e4nner ett behov av att prata mig tillr\u00e4tta? Vet du, det \u00e4r precis det jag menar med \u201d<em>\u00c4n sen d\u00e5<\/em>\u201d. Jag kan inte avg\u00f6ra vad det \u00e4r hos \u201ddig\u201d som g\u00f6r att du inte tror p\u00e5 det jag s\u00e4ger. Jag har inte heller n\u00e5gon som helst ambition att \u00f6vertala och jag respekterar till fullo \u201ddin\u201d \u00e5sikt men v\u00e4ljer att f\u00f6lja min tro och \u00f6vertygelse som baseras p\u00e5 mina erfarenheter. G\u00f6r detsamma du ocks\u00e5 om du m\u00f6ter n\u00e5gon som vill tala dig tillr\u00e4tta n\u00e4r du bryter m\u00f6nster och f\u00f6rverkligar dina dr\u00f6mmar.<\/p>\n\n\n\n<p><em>Vad mer \u00e4r m\u00f6jligt<\/em> symboliserar just\ndet att varken jag eller n\u00e5gon annan kan veta vad som verkligen \u00e4r m\u00f6jligt\nf\u00f6rr\u00e4n allt \u00e4r gjort f\u00f6r att n\u00e5 m\u00e5let. L\u00e5t oss ist\u00e4llet bara f\u00f6ruts\u00e4ttningsl\u00f6st\ntesta och se hur l\u00e5ngt det g\u00e5r att str\u00e4cka livets upplevelser, utan\nf\u00f6rutfattade meningar eller begr\u00e4nsande tankar. Jag har gjort det och \u00e4r\notroligt n\u00f6jd med att ha f\u00e5tt det bekr\u00e4ftat p\u00e5 s\u00e5 tydliga och fantastiska s\u00e4tt hur\nuniversum och dess lagar fungerar. I alla fall f\u00f6r mig\u2026.<\/p>\n\n\n\n<p>Mitt 2019 \u00e4r redan klart och tydligt dokumenterat som en del i mitt livsutvecklingskoncept <a href=\"https:\/\/petershus.se\/?page_id=236\">LIVSPROJEKTET<\/a>. Mitt arbete med visualiseringar och handlingsplaner p\u00e5g\u00e5r d\u00e4r f\u00f6r fullt och jag ser med v\u00e4xande f\u00f6rtjusning fram mot att st\u00e4mma av allt detta om exakt tolv m\u00e5nader, och jag \u00e4r om\u00e5ttligt nyfiken att ta reda p\u00e5 \u201dVad mer \u00e4r m\u00f6jligt\u2026\u201d <\/p>\n","protected":false},"excerpt":{"rendered":"<p>Livet \u00e4r ett projekt, ett LIVSPROJEKT\u00a0och dr\u00f6mmar, visioner och m\u00e5ls\u00e4ttning har alltid varit centrala f\u00f6r min del. Inf\u00f6r 2018 satte jag upp en hel del utmanande m\u00e5lbilder, inte ny\u00e5rsl\u00f6ften utan konkret visualiserade m\u00e5l uppbackade med tydliga handlingsplaner. Det var m\u00e5lbilder &hellip; <a href=\"https:\/\/petershus.se\/?p=1026\">Forts\u00e4tt l\u00e4sa <span class=\"meta-nav\">&rarr;<\/span><\/a><\/p>\n","protected":false},"author":1,"featured_media":0,"comment_status":"open","ping_status":"open","sticky":false,"template":"","format":"standard","meta":{"footnotes":""},"categories":[1],"tags":[],"class_list":["post-1026","post","type-post","status-publish","format-standard","hentry","category-noveller"],"_links":{"self":[{"href":"https:\/\/petershus.se\/index.php?rest_route=\/wp\/v2\/posts\/1026","targetHints":{"allow":["GET"]}}],"collection":[{"href":"https:\/\/petershus.se\/index.php?rest_route=\/wp\/v2\/posts"}],"about":[{"href":"https:\/\/petershus.se\/index.php?rest_route=\/wp\/v2\/types\/post"}],"author":[{"embeddable":true,"href":"https:\/\/petershus.se\/index.php?rest_route=\/wp\/v2\/users\/1"}],"replies":[{"embeddable":true,"href":"https:\/\/petershus.se\/index.php?rest_route=%2Fwp%2Fv2%2Fcomments&post=1026"}],"version-history":[{"count":5,"href":"https:\/\/petershus.se\/index.php?rest_route=\/wp\/v2\/posts\/1026\/revisions"}],"predecessor-version":[{"id":1032,"href":"https:\/\/petershus.se\/index.php?rest_route=\/wp\/v2\/posts\/1026\/revisions\/1032"}],"wp:attachment":[{"href":"https:\/\/petershus.se\/index.php?rest_route=%2Fwp%2Fv2%2Fmedia&parent=1026"}],"wp:term":[{"taxonomy":"category","embeddable":true,"href":"https:\/\/petershus.se\/index.php?rest_route=%2Fwp%2Fv2%2Fcategories&post=1026"},{"taxonomy":"post_tag","embeddable":true,"href":"https:\/\/petershus.se\/index.php?rest_route=%2Fwp%2Fv2%2Ftags&post=1026"}],"curies":[{"name":"wp","href":"https:\/\/api.w.org\/{rel}","templated":true}]}}